[{"@context":"https:\/\/schema.org\/","@type":"Article","@id":"https:\/\/www.alvako.cz\/jsme-lety-proverena-cestovni-agentura\/#Article","mainEntityOfPage":"https:\/\/www.alvako.cz\/jsme-lety-proverena-cestovni-agentura\/","headline":"Jsme l\u00e9ty prov\u011b\u0159en\u00e1 cestovn\u00ed agentura","name":"Jsme l\u00e9ty prov\u011b\u0159en\u00e1 cestovn\u00ed agentura","description":"Nab\u00edz\u00edme Chorvatsko ubytov\u00e1n\u00ed Je\u010fte s n\u00e1mi na dovolenou k mo\u0159i do Chorvatska nebo \u010cern\u00e9 Hory. Poznejte severn\u00ed, st\u0159edn\u00ed nebo ji\u017en\u00ed Dalm\u00e1cii. Nab\u00edz\u00edme ubytov\u00e1n\u00ed v Chorvatsku v apartm\u00e1nech a soukrom\u00ed a ubytov\u00e1n\u00ed v \u010cern\u00e9 Ho\u0159e v apartm\u00e1nech. P\u0159ij\u010fte si k n\u00e1m vybrat z na\u0161eho katalogu \u201eChorvatsko dovolen\u00e1 2013\u201c. \u010cek\u00e1 v\u00e1s dovolen\u00e1","datePublished":"2025-04-29","dateModified":"2025-04-29","author":{"@type":"Person","@id":"https:\/\/www.alvako.cz\/author\/#Person","name":"","url":"https:\/\/www.alvako.cz\/author\/","identifier":1,"image":{"@type":"ImageObject","@id":"https:\/\/secure.gravatar.com\/avatar\/c36ac855b1ee9cce96e09824fb5426d6eaccd04233fbf51e04e067ccd1b5fe13?s=96&d=mm&r=g","url":"https:\/\/secure.gravatar.com\/avatar\/c36ac855b1ee9cce96e09824fb5426d6eaccd04233fbf51e04e067ccd1b5fe13?s=96&d=mm&r=g","height":96,"width":96}},"publisher":{"@type":"Organization","name":"alvako.cz","logo":{"@type":"ImageObject","@id":"\/logo.png","url":"\/logo.png","width":600,"height":60}},"url":"https:\/\/www.alvako.cz\/jsme-lety-proverena-cestovni-agentura\/","wordCount":181,"articleBody":" Nab\u00edz\u00edme Chorvatsko ubytov\u00e1n\u00ed Je\u010fte s n\u00e1mi na dovolenou k mo\u0159i do Chorvatska nebo \u010cern\u00e9 Hory. Poznejte severn\u00ed, st\u0159edn\u00ed nebo ji\u017en\u00ed Dalm\u00e1cii. Nab\u00edz\u00edme ubytov\u00e1n\u00ed v Chorvatsku v apartm\u00e1nech a soukrom\u00ed a ubytov\u00e1n\u00ed v \u010cern\u00e9 Ho\u0159e v apartm\u00e1nech. P\u0159ij\u010fte si k n\u00e1m vybrat z na\u0161eho katalogu \u201eChorvatsko dovolen\u00e1 2013\u201c. \u010cek\u00e1 v\u00e1s dovolen\u00e1 pln\u00e1 slunce a koup\u00e1n\u00ed. Chorvatsko apartm\u00e1ny ji\u017e na v\u00e1s \u010dekaj\u00ed. Chorvatsko dovolen\u00e1 pro ka\u017ed\u00e9ho R\u00e1di bychom v\u00e1m nab\u00eddli dovolenou v Chorvatsku nebo \u010cern\u00e9 Ho\u0159e. P\u0159\u00edmo u pob\u0159e\u017e\u00ed Jadersk\u00e9ho mo\u0159e ji\u017e na v\u00e1s \u010dekaj\u00ed apartm\u00e1ny a pokoje v soukrom\u00ed. Katalog \u201eChorvatsko dovolen\u00e1 2013\u201c v\u00e1m umo\u017en\u00ed vybrat si n\u011bkter\u00fd z na\u0161ich pobyt\u016f. O\u010dek\u00e1v\u00e1 v\u00e1s slune\u010dn\u00e9 po\u010das\u00ed, azurov\u011b modr\u00e9 nebe, je\u0161t\u011b nedot\u010den\u00e1 p\u0159\u00edroda. Chorvatsko apartm\u00e1ny jsou ji\u017e pro v\u00e1s p\u0159ipraveny. Katalog Svou dovolenou si vyberte z na\u0161eho katalogu. Chorvatsko apartm\u00e1ny v\u00e1s nezklamou.                                                                                                                                                                                                                                                                                                                                                                                                "},{"@context":"https:\/\/schema.org\/","@type":"BreadcrumbList","itemListElement":[{"@type":"ListItem","position":1,"name":"Jsme l\u00e9ty prov\u011b\u0159en\u00e1 cestovn\u00ed agentura","item":"https:\/\/www.alvako.cz\/jsme-lety-proverena-cestovni-agentura\/#breadcrumbitem"}]}]