[{"@context":"https:\/\/schema.org\/","@type":"Article","@id":"https:\/\/www.alvako.cz\/nova-kuchyn\/#Article","mainEntityOfPage":"https:\/\/www.alvako.cz\/nova-kuchyn\/","headline":"Nov\u00e1 kuchy\u0148","name":"Nov\u00e1 kuchy\u0148","description":"Nov\u00e1 kuchy\u0148, nov\u00fd \u017eivot v dom\u011b, nebo byt\u011b a r\u00e1zem to doma v\u0161echno o\u017eije&#8230;Alespo\u0148 j\u00e1 si to tedy tak mysl\u00edm a c\u00edt\u00edm to tak. J\u00e1 jsem kup\u0159\u00edkladu m\u011bla dlouho u\u017e docela nehezkou kuchyni, kter\u00e1 se mi po \u010dase u\u017e i p\u0159estala l\u00edbit, ale n\u011bjak mi ne\u0161lo se rozhoupat a ud\u011blat","datePublished":"2024-05-12","dateModified":"2024-05-12","author":{"@type":"Person","@id":"https:\/\/www.alvako.cz\/author\/#Person","name":"","url":"https:\/\/www.alvako.cz\/author\/","identifier":1,"image":{"@type":"ImageObject","@id":"https:\/\/secure.gravatar.com\/avatar\/c36ac855b1ee9cce96e09824fb5426d6eaccd04233fbf51e04e067ccd1b5fe13?s=96&d=mm&r=g","url":"https:\/\/secure.gravatar.com\/avatar\/c36ac855b1ee9cce96e09824fb5426d6eaccd04233fbf51e04e067ccd1b5fe13?s=96&d=mm&r=g","height":96,"width":96}},"publisher":{"@type":"Organization","name":"alvako.cz","logo":{"@type":"ImageObject","@id":"\/logo.png","url":"\/logo.png","width":600,"height":60}},"image":{"@type":"ImageObject","@id":"https:\/\/www.alvako.cz\/wp-content\/uploads\/kitchen-2165756_1280_10_10_10_2.jpg","url":"https:\/\/www.alvako.cz\/wp-content\/uploads\/kitchen-2165756_1280_10_10_10_2.jpg","height":0,"width":0},"url":"https:\/\/www.alvako.cz\/nova-kuchyn\/","about":["Zbo\u017e\u00ed"],"wordCount":413,"articleBody":"   Nov\u00e1 kuchy\u0148, nov\u00fd \u017eivot v dom\u011b, nebo byt\u011b a r\u00e1zem to doma v\u0161echno o\u017eije&#8230;Alespo\u0148 j\u00e1 si to tedy tak mysl\u00edm a c\u00edt\u00edm to tak. J\u00e1 jsem kup\u0159\u00edkladu m\u011bla dlouho u\u017e docela nehezkou kuchyni, kter\u00e1 se mi po \u010dase u\u017e i p\u0159estala l\u00edbit, ale n\u011bjak mi ne\u0161lo se rozhoupat a ud\u011blat n\u011bjakou razantn\u00ed zm\u011bnu. A\u017e tehdy, kdy\u017e u\u017e se kuchyn\u011b za\u010dala bortit a nebyla u\u017e moc pou\u017eiteln\u00e1, tehdy jsem se rozhodla pro zm\u011bnu a pro to, \u017ee si po\u0159\u00edd\u00edm novou kuchyni. Takovou, kter\u00e1 bude hezk\u00e1 a bude se mi l\u00edbit, bude vypadat tak, jak jsem si v\u017edycky p\u0159\u00e1la. J\u00e1 m\u00e1m r\u00e1da minimalistick\u00fd styl, tak\u017ee jsem si popravd\u011b p\u0159edstavovala n\u011bjakou kuchyni v pastelov\u00fdch, p\u0159\u00edli\u0161 nev\u00fdrazn\u00fdch barv\u00e1ch.Jak se \u0159\u00edk\u00e1, ob\u010das m\u00e9n\u011b je v\u00edce a podle m\u00e9ho n\u00e1zoru to pr\u00e1v\u011b i u kuchyn\u011b plat\u00ed rozhodn\u011b dvojn\u00e1sob. A rozhodnut\u00ed bylo sice prvn\u00ed krok a kone\u010dn\u011b jsem se rozhodla se svou starou kuchyn\u00ed n\u011bco d\u011blat a vym\u011bnit ji za novou, jen\u017ee po\u0159\u00e1d jsem je\u0161t\u011b nem\u011bla vyhledanou firmu, kter\u00e1 by mi kuchy\u0148 zhotovila. Firem je v dne\u0161n\u00ed dob\u011b spousta a vyb\u00edrat si mezi nimi \u2013 to je dost t\u011b\u017ek\u00e9. Obzvl\u00e1\u0161\u0165 kdy\u017e ka\u017ed\u00e1 nab\u00edz\u00ed n\u011bco jin\u00e9ho a ka\u017ed\u00e1 m\u00e1 kuchyn\u011b v jin\u00e9m cenov\u00e9m rozp\u011bt\u00ed. A jak asi tu\u0161\u00edte, tak rozhodov\u00e1n\u00ed, kterou firmu si na v\u00fdrobu kuchyn\u011b na zak\u00e1zku zvol\u00edm nebylo v\u016fbec jednoduch\u00e9. Ale nakonec jsem si vybrala spr\u00e1vn\u011b. Hledala jsem na internetu a narazila jsem na firmu Kuchyn\u011b Glanc. Hned jsem se musela pod\u00edvat na jejich webov\u00e9 str\u00e1nky a na to, jak\u00fdm stylem kuchyn\u00ed se zab\u00fdvaj\u00ed a zda-li by se mi kuchyn\u011b na zak\u00e1zku od nich l\u00edbila. Kdy\u017e jsem vid\u011bla fotogalerii kuchyn\u00ed, kter\u00e9 u\u017e ud\u011blali, opravdu jsem nemohla uv\u011b\u0159it sv\u00fdm o\u010d\u00edm. A p\u0159izn\u00e1m se, \u017ee z fotek kuchyn\u00ed, kter\u00e9 tam byly, by si bylo opravdu t\u011b\u017ek\u00e9 vybrat. Nicm\u00e9n\u011b pr\u00e1v\u011b t\u00e9hle firm\u011b jsem dala \u0161anci a rozhodn\u011b jsem toho ani na chv\u00edli nelitovala \u2013 pr\u00e1v\u011b naopak. Byla jsem spokojen\u00e1 a r\u00e1da, \u017ee m\u00e1m n\u00e1dhernou kuchyni, na kterou mohu b\u00fdt py\u0161n\u00e1.                                                                                                                                                                                                                                                                                                                                                                                           3.9\/5 - (9 votes)        "},{"@context":"https:\/\/schema.org\/","@type":"BreadcrumbList","itemListElement":[{"@type":"ListItem","position":1,"name":"Nov\u00e1 kuchy\u0148","item":"https:\/\/www.alvako.cz\/nova-kuchyn\/#breadcrumbitem"}]}]